{"id":15904,"date":"2025-04-09T17:31:25","date_gmt":"2025-04-09T15:31:25","guid":{"rendered":"https:\/\/liceo-europeo.es\/sin-categorizar\/liceo-europeo-celebra-la-v-carrera-solidaria-en-apoyo-a-la-asociacion-pablo-hortsmann\/"},"modified":"2026-03-09T15:46:33","modified_gmt":"2026-03-09T14:46:33","slug":"liceo-europeo-celebra-la-v-carrera-solidaria-en-apoyo-a-la-asociacion-pablo-hortsmann","status":"publish","type":"post","link":"https:\/\/liceo-europeo.es\/en\/noticias\/liceo-europeo-celebra-la-v-carrera-solidaria-en-apoyo-a-la-asociacion-pablo-hortsmann\/","title":{"rendered":"La V Carrera Solidaria de Liceo Europeo consolida su red de apoyo institucional y social"},"content":{"rendered":"<ul class=\"wp-block-list\">\n<li>Los fondos recaudados se destinar\u00e1n \u00edntegramente a la&nbsp;<strong>construcci\u00f3n de las instalaciones del Heritage Community School en Dokolo, Uganda<\/strong>, impulsado por la&nbsp;<a href=\"https:\/\/www.fundacionpablo.org\/colabora\/#dona\"><strong>Fundaci\u00f3n Pablo Horstmann.<\/strong><\/a><\/li>\n<li><a href=\"https:\/\/www.fundacionpablo.org\/colabora\/#dona\"><\/a>La carrera puede realizarse corriendo o andando, y quienes no puedan asistir f\u00edsicamente pueden colaborar a trav\u00e9s del&nbsp;<a href=\"https:\/\/carreraliceoeuropeo.com\/\"><strong>dorsal cero.<\/strong><\/a><\/li>\n<\/ul>\n<ul class=\"wp-block-list\">\n<li><a href=\"https:\/\/carreraliceoeuropeo.com\/\"><\/a>Jes\u00fas Tortosa, concejal de Deportes del&nbsp;<a href=\"https:\/\/www.alcobendas.org\/es\"><strong>Ayuntamiento de Alcobendas<\/strong><\/a>, ha reafirmado el compromiso del consistorio con esta cita solidaria, que se consolida como referente en el municipio.<\/li>\n<\/ul>\n<p><strong><em>Jueves, 9<\/em><\/strong><em>&nbsp;de abril de 2025<\/em>.&nbsp;<strong><a href=\"https:\/\/liceo-europeo.es\/en\/\">Liceo Europeo<\/a><\/strong>&nbsp;ha acogido esta ma\u00f1ana a los representantes institucionales, educativos y deportivos que hacen posible la celebraci\u00f3n de la&nbsp;<a href=\"https:\/\/carreraspopulares.com\/calendario_carreras\/lista\/XrFQWQ\"><strong>V Carrera Solidaria<\/strong><\/a>, un evento que a\u00fana deporte y compromiso social. La cita, organizada por la&nbsp;<a href=\"https:\/\/liceo-europeo.es\/en\/the-foundation\/fundamental-purpose\/\">Fundaci\u00f3n Liceo Europeo<\/a>&nbsp;en colaboraci\u00f3n con el&nbsp;<a href=\"https:\/\/www.alcobendas.org\/es\/temas\/deportes\">Ayuntamiento de Alcobendas<\/a>, el Club Corredores y la&nbsp;<a href=\"https:\/\/www.fundacionpablo.org\/\">Fundaci\u00f3n Pablo Horstmann<\/a>, tendr\u00e1 lugar el pr\u00f3ximo&nbsp;<strong>8 de junio<\/strong>&nbsp;en&nbsp;<strong>La Moraleja.<\/strong><\/p>\n<p>En el encuentro han participado&nbsp;<strong>Jes\u00fas Tortosa<\/strong>, concejal de&nbsp;<a href=\"https:\/\/www.alcobendas.org\/es\/temas\/deportes\">Deportes del Ayuntamiento de Alcobendas<\/a>;&nbsp;<strong>Gonzalo Incl\u00e1n<\/strong>, director general de&nbsp;<strong><a href=\"https:\/\/liceo-europeo.es\/en\/\">Liceo Europeo<\/a><\/strong>;&nbsp;<strong>Cristina Moral<\/strong>, directora de Eventos de la Fundaci\u00f3n Pablo Horstmann;&nbsp;<strong>Aitor Retolaza<\/strong>, concejal del&nbsp;<a href=\"https:\/\/www.alcobendas.org\/es\/temas\/deportes\">Ayuntamiento de Alcobendas<\/a>; y&nbsp;<strong>Jorge Benito<\/strong>, director deportivo de&nbsp;<a href=\"https:\/\/www.clubcorredores.com\/\">Club Corredores<\/a>.<\/p>\n<p>La&nbsp;<a href=\"https:\/\/liceo-europeo.es\/carrera_solidaria_liceo_europeo\/\">V Carrera Solidaria<\/a>&nbsp;se celebrar\u00e1 el&nbsp;<strong>domingo 8 de junio a las 9:00 horas<\/strong>, con salida y meta en&nbsp;<a href=\"https:\/\/liceo-europeo.es\/en\/\"><strong>Liceo Europeo<\/strong><\/a>. El recorrido discurrir\u00e1 por las calles de La Moraleja y ofrecer\u00e1 diferentes modalidades, desde 400 metros hasta 10 km. Est\u00e1 abierta a la participaci\u00f3n de personas de todas las edades, y tambi\u00e9n podr\u00e1 realizarse andando. Adem\u00e1s, aquellos que no puedan participar f\u00edsicamente pueden colaborar a trav\u00e9s del&nbsp;<a href=\"https:\/\/inscripciones.compratudorsal.com\/inscripcion\/v-carrera-solidaria-liceo-europeo\/inscripcion_datos\/\"><strong>dorsal cero<\/strong><\/a>.<\/p>\n<p>Durante el acto,&nbsp;<strong>Jes\u00fas Tortosa<\/strong>&nbsp;ha destacado la importancia de este tipo de iniciativas dentro del municipio: \u201cpara el Ayuntamiento de Alcobendas es un verdadero placer colaborar en esta<strong>&nbsp;<a href=\"https:\/\/liceo-europeo.es\/carrera_solidaria_liceo_europeo\/\">V Carrera Solidaria<\/a><\/strong>. En lo personal, es ya la tercera edici\u00f3n en la que participo activamente. Es una cita que se ha consolidado en el municipio, y que adem\u00e1s tiene lugar en un entorno privilegiado como es La Moraleja. Confiamos en que haya una gran participaci\u00f3n, que se logre una recaudaci\u00f3n importante para apoyar a la Fundaci\u00f3n Pablo Horstmann y que esta carrera siga siendo un referente dentro de las actividades de la comunidad educativa y del municipio\u201d.<\/p>\n<p><strong>Gonzalo Incl\u00e1n<\/strong>, director de&nbsp;<strong><a href=\"https:\/\/liceo-europeo.es\/en\/\">Liceo Europeo<\/a>,<\/strong>&nbsp;ha subrayado el valor que tiene para toda la comunidad educativa esta cita: \u201cla&nbsp;<a href=\"https:\/\/inscripciones.compratudorsal.com\/inscripcion\/v-carrera-solidaria-liceo-europeo\/inscripcion_datos\/\"><strong>Carrera Solidaria<\/strong>&nbsp;<\/a>es una de las iniciativas m\u00e1s especiales del curso. Nos emociona ver c\u00f3mo alumnos, familias, antiguos alumnos, profesores y vecinos se unen en un ambiente de deporte, convivencia y solidaridad. Cada paso que se da ese d\u00eda tiene un prop\u00f3sito, y nos sentimos profundamente agradecidos de poder colaborar este a\u00f1o con la Asociaci\u00f3n Pablo Horstmann, una entidad admirable por su labor en favor de la salud infantil.\u201d<\/p>\n<p>La representante de esta \u00faltima entidad,&nbsp;<strong>Cristina Moral, directora de Eventos,<\/strong>&nbsp;ha explicado el destino de los fondos recaudados: \u201cestamos muy agradecidos a toda la comunidad educativa del&nbsp;<a href=\"https:\/\/liceo-europeo.es\/en\/\"><strong>Liceo Europeo<\/strong><\/a>&nbsp;por contribuir a que los ni\u00f1os en Uganda puedan tener la misma oportunidad que ellos de recibir educaci\u00f3n, y que esta sea de calidad. Los beneficios de la carrera se destinar\u00e1n \u00edntegramente a construir las instalaciones del&nbsp;<a href=\"https:\/\/www.fundacionpablo.org\/proyectos\/proyectos-educativos\/colegio-de-educacion-infantil-y-primaria-en-dokolo\/\">Heritage Community School<\/a>, un colegio que ha nacido por iniciativa de unos padres ante la falta de centros educativos en Dokolo, una regi\u00f3n rural al norte de Uganda. El centro cuenta actualmente con 411 alumnos de Infantil y Primaria que asisten a clase en aulas de madera improvisadas, lo que las hace vulnerables a las lluvias y provoca constantes interrupciones en el aprendizaje.\u201d<\/p>\n<p>Finalmente,&nbsp;<strong>Jorge Benito, director deportivo de&nbsp;<a href=\"https:\/\/www.clubcorredores.com\/\">Club Corredores<\/a>, ha destacado el compromiso del club con el desarrollo del atletismo popular en Madrid y su implicaci\u00f3n en esta cita solidaria:<\/strong><strong>&nbsp;<em>\u201c<\/em><\/strong><em>Para Club Corredores, el mayor club de atletismo popular de Espa\u00f1a, es un orgullo asumir la organizaci\u00f3n t\u00e9cnica de la&nbsp;<a href=\"https:\/\/inscripciones.compratudorsal.com\/inscripcion\/v-carrera-solidaria-liceo-europeo\/inscripcion_datos\/\">V Carrera Solidaria<\/a>&nbsp;junto a Liceo Europeo. Esta prueba no solo ha crecido en participaci\u00f3n y proyecci\u00f3n en los \u00faltimos a\u00f1os, sino que se ha consolidado como un evento significativo en la zona norte de la Comunidad de Madrid. Asumimos con entusiasmo y responsabilidad el reto de seguir haciendo de esta carrera una experiencia deportiva y solidaria de referencia.\u201d<\/em><\/p>\n<p><a href=\"https:\/\/inscripciones.compratudorsal.com\/inscripcion\/v-carrera-solidaria-liceo-europeo\/inscripcion_datos\/\"><strong>Enlace a inscripciones.<\/strong><\/a><\/p>\n","protected":false},"excerpt":{"rendered":"<p>Los fondos recaudados se destinar\u00e1n \u00edntegramente a la&nbsp;construcci\u00f3n de las instalaciones del Heritage Community School en Dokolo, Uganda, impulsado por la&nbsp;Fundaci\u00f3n Pablo Horstmann. La carrera puede realizarse corriendo o andando, y quienes no puedan asistir f\u00edsicamente pueden colaborar a trav\u00e9s del&nbsp;dorsal cero. Jes\u00fas Tortosa, concejal de Deportes del&nbsp;Ayuntamiento de Alcobendas, ha reafirmado el compromiso del consistorio con esta cita solidaria, que se consolida como referente en el municipio. Jueves, 9&nbsp;de abril de 2025.&nbsp;Liceo Europeo&nbsp;ha acogido esta ma\u00f1ana a los representantes institucionales, educativos y deportivos que hacen posible la celebraci\u00f3n de la&nbsp;V Carrera Solidaria, un evento que a\u00fana deporte y compromiso social. La cita, organizada por la&nbsp;Fundaci\u00f3n Liceo Europeo&nbsp;en colaboraci\u00f3n con el&nbsp;Ayuntamiento de Alcobendas, el Club Corredores y la&nbsp;Fundaci\u00f3n Pablo Horstmann, tendr\u00e1 lugar el pr\u00f3ximo&nbsp;8 de junio&nbsp;en&nbsp;La Moraleja. En el encuentro han participado&nbsp;Jes\u00fas Tortosa, concejal de&nbsp;Deportes del Ayuntamiento de Alcobendas;&nbsp;Gonzalo Incl\u00e1n, director general de&nbsp;Liceo Europeo;&nbsp;Cristina Moral, directora de Eventos de la Fundaci\u00f3n Pablo Horstmann;&nbsp;Aitor Retolaza, concejal del&nbsp;Ayuntamiento de Alcobendas; y&nbsp;Jorge Benito, director deportivo de&nbsp;Club Corredores. La&nbsp;V Carrera Solidaria&nbsp;se celebrar\u00e1 el&nbsp;domingo 8 de junio a las 9:00 horas, con salida y meta en&nbsp;Liceo Europeo. El recorrido discurrir\u00e1 por las calles de La Moraleja y ofrecer\u00e1 diferentes modalidades, desde 400 metros hasta 10 [&hellip;]<\/p>\n","protected":false},"author":3,"featured_media":11466,"comment_status":"closed","ping_status":"closed","sticky":false,"template":"","format":"standard","meta":{"_acf_changed":false,"_et_pb_use_builder":"on","_et_pb_old_content":"<!-- wp:list -->\n<ul class=\"wp-block-list\"><!-- wp:list-item -->\n<li>Los fondos recaudados se destinar\u00e1n \u00edntegramente a la\u00a0<strong>construcci\u00f3n de las instalaciones del Heritage Community School en Dokolo, Uganda<\/strong>, impulsado por la\u00a0<a href=\"https:\/\/www.fundacionpablo.org\/colabora\/#dona\"><strong>Fundaci\u00f3n Pablo Horstmann.<\/strong><\/a><\/li>\n<!-- \/wp:list-item -->\n\n<!-- wp:list-item -->\n<li><a href=\"https:\/\/www.fundacionpablo.org\/colabora\/#dona\"><\/a>La carrera puede realizarse corriendo o andando, y quienes no puedan asistir f\u00edsicamente pueden colaborar a trav\u00e9s del\u00a0<a href=\"https:\/\/carreraliceoeuropeo.com\/\"><strong>dorsal cero.<\/strong><\/a><\/li>\n<!-- \/wp:list-item --><\/ul>\n<!-- \/wp:list -->\n\n<!-- wp:list -->\n<ul class=\"wp-block-list\"><!-- wp:list-item -->\n<li><a href=\"https:\/\/carreraliceoeuropeo.com\/\"><\/a>Jes\u00fas Tortosa, concejal de Deportes del\u00a0<a href=\"https:\/\/www.alcobendas.org\/es\"><strong>Ayuntamiento de Alcobendas<\/strong><\/a>, ha reafirmado el compromiso del consistorio con esta cita solidaria, que se consolida como referente en el municipio.<\/li>\n<!-- \/wp:list-item --><\/ul>\n<!-- \/wp:list -->\n\n<!-- wp:paragraph -->\n<p><strong><em>Jueves, 9<\/em><\/strong><em>&nbsp;de abril de 2025<\/em>.&nbsp;<strong><a href=\"https:\/\/liceo-europeo.es\/\">Liceo Europeo<\/a><\/strong>&nbsp;ha acogido esta ma\u00f1ana a los representantes institucionales, educativos y deportivos que hacen posible la celebraci\u00f3n de la&nbsp;<a href=\"https:\/\/carreraspopulares.com\/calendario_carreras\/lista\/XrFQWQ\"><strong>V Carrera Solidaria<\/strong><\/a>, un evento que a\u00fana deporte y compromiso social. La cita, organizada por la&nbsp;<a href=\"https:\/\/liceo-europeo.es\/la-fundacion\/razon-de-ser\/\">Fundaci\u00f3n Liceo Europeo<\/a>&nbsp;en colaboraci\u00f3n con el&nbsp;<a href=\"https:\/\/www.alcobendas.org\/es\/temas\/deportes\">Ayuntamiento de Alcobendas<\/a>, el Club Corredores y la&nbsp;<a href=\"https:\/\/www.fundacionpablo.org\/\">Fundaci\u00f3n Pablo Horstmann<\/a>, tendr\u00e1 lugar el pr\u00f3ximo&nbsp;<strong>8 de junio<\/strong>&nbsp;en&nbsp;<strong>La Moraleja.<\/strong><\/p>\n<!-- \/wp:paragraph -->\n\n<!-- wp:paragraph -->\n<p>En el encuentro han participado&nbsp;<strong>Jes\u00fas Tortosa<\/strong>, concejal de&nbsp;<a href=\"https:\/\/www.alcobendas.org\/es\/temas\/deportes\">Deportes del Ayuntamiento de Alcobendas<\/a>;&nbsp;<strong>Gonzalo Incl\u00e1n<\/strong>, director general de&nbsp;<strong><a href=\"https:\/\/liceo-europeo.es\/\">Liceo Europeo<\/a><\/strong>;&nbsp;<strong>Cristina Moral<\/strong>, directora de Eventos de la Fundaci\u00f3n Pablo Horstmann;&nbsp;<strong>Aitor Retolaza<\/strong>, concejal del&nbsp;<a href=\"https:\/\/www.alcobendas.org\/es\/temas\/deportes\">Ayuntamiento de Alcobendas<\/a>; y&nbsp;<strong>Jorge Benito<\/strong>, director deportivo de&nbsp;<a href=\"https:\/\/www.clubcorredores.com\/\">Club Corredores<\/a>.<\/p>\n<!-- \/wp:paragraph -->\n\n<!-- wp:paragraph -->\n<p>La&nbsp;<a href=\"https:\/\/liceo-europeo.es\/carrera_solidaria_liceo_europeo\/\">V Carrera Solidaria<\/a>&nbsp;se celebrar\u00e1 el&nbsp;<strong>domingo 8 de junio a las 9:00 horas<\/strong>, con salida y meta en&nbsp;<a href=\"https:\/\/liceo-europeo.es\/\"><strong>Liceo Europeo<\/strong><\/a>. El recorrido discurrir\u00e1 por las calles de La Moraleja y ofrecer\u00e1 diferentes modalidades, desde 400 metros hasta 10 km. Est\u00e1 abierta a la participaci\u00f3n de personas de todas las edades, y tambi\u00e9n podr\u00e1 realizarse andando. Adem\u00e1s, aquellos que no puedan participar f\u00edsicamente pueden colaborar a trav\u00e9s del&nbsp;<a href=\"https:\/\/inscripciones.compratudorsal.com\/inscripcion\/v-carrera-solidaria-liceo-europeo\/inscripcion_datos\/\"><strong>dorsal cero<\/strong><\/a>.<\/p>\n<!-- \/wp:paragraph -->\n\n<!-- wp:paragraph -->\n<p>Durante el acto,&nbsp;<strong>Jes\u00fas Tortosa<\/strong>&nbsp;ha destacado la importancia de este tipo de iniciativas dentro del municipio: \u201cpara el Ayuntamiento de Alcobendas es un verdadero placer colaborar en esta<strong>&nbsp;<a href=\"https:\/\/liceo-europeo.es\/carrera_solidaria_liceo_europeo\/\">V Carrera Solidaria<\/a><\/strong>. En lo personal, es ya la tercera edici\u00f3n en la que participo activamente. Es una cita que se ha consolidado en el municipio, y que adem\u00e1s tiene lugar en un entorno privilegiado como es La Moraleja. Confiamos en que haya una gran participaci\u00f3n, que se logre una recaudaci\u00f3n importante para apoyar a la Fundaci\u00f3n Pablo Horstmann y que esta carrera siga siendo un referente dentro de las actividades de la comunidad educativa y del municipio\u201d.<\/p>\n<!-- \/wp:paragraph -->\n\n<!-- wp:paragraph -->\n<p><strong>Gonzalo Incl\u00e1n<\/strong>, director de&nbsp;<strong><a href=\"https:\/\/liceo-europeo.es\/\">Liceo Europeo<\/a>,<\/strong>&nbsp;ha subrayado el valor que tiene para toda la comunidad educativa esta cita: \u201cla&nbsp;<a href=\"https:\/\/inscripciones.compratudorsal.com\/inscripcion\/v-carrera-solidaria-liceo-europeo\/inscripcion_datos\/\"><strong>Carrera Solidaria<\/strong>&nbsp;<\/a>es una de las iniciativas m\u00e1s especiales del curso. Nos emociona ver c\u00f3mo alumnos, familias, antiguos alumnos, profesores y vecinos se unen en un ambiente de deporte, convivencia y solidaridad. Cada paso que se da ese d\u00eda tiene un prop\u00f3sito, y nos sentimos profundamente agradecidos de poder colaborar este a\u00f1o con la Asociaci\u00f3n Pablo Horstmann, una entidad admirable por su labor en favor de la salud infantil.\u201d<\/p>\n<!-- \/wp:paragraph -->\n\n<!-- wp:paragraph -->\n<p>La representante de esta \u00faltima entidad,&nbsp;<strong>Cristina Moral, directora de Eventos,<\/strong>&nbsp;ha explicado el destino de los fondos recaudados: \u201cestamos muy agradecidos a toda la comunidad educativa del&nbsp;<a href=\"https:\/\/liceo-europeo.es\/\"><strong>Liceo Europeo<\/strong><\/a>&nbsp;por contribuir a que los ni\u00f1os en Uganda puedan tener la misma oportunidad que ellos de recibir educaci\u00f3n, y que esta sea de calidad. Los beneficios de la carrera se destinar\u00e1n \u00edntegramente a construir las instalaciones del&nbsp;<a href=\"https:\/\/www.fundacionpablo.org\/proyectos\/proyectos-educativos\/colegio-de-educacion-infantil-y-primaria-en-dokolo\/\">Heritage Community School<\/a>, un colegio que ha nacido por iniciativa de unos padres ante la falta de centros educativos en Dokolo, una regi\u00f3n rural al norte de Uganda. El centro cuenta actualmente con 411 alumnos de Infantil y Primaria que asisten a clase en aulas de madera improvisadas, lo que las hace vulnerables a las lluvias y provoca constantes interrupciones en el aprendizaje.\u201d<\/p>\n<!-- \/wp:paragraph -->\n\n<!-- wp:paragraph -->\n<p>Finalmente,&nbsp;<strong>Jorge Benito, director deportivo de&nbsp;<a href=\"https:\/\/www.clubcorredores.com\/\">Club Corredores<\/a>, ha destacado el compromiso del club con el desarrollo del atletismo popular en Madrid y su implicaci\u00f3n en esta cita solidaria:<\/strong><strong>&nbsp;<em>\u201c<\/em><\/strong><em>Para Club Corredores, el mayor club de atletismo popular de Espa\u00f1a, es un orgullo asumir la organizaci\u00f3n t\u00e9cnica de la&nbsp;<a href=\"https:\/\/inscripciones.compratudorsal.com\/inscripcion\/v-carrera-solidaria-liceo-europeo\/inscripcion_datos\/\">V Carrera Solidaria<\/a>&nbsp;junto a Liceo Europeo. Esta prueba no solo ha crecido en participaci\u00f3n y proyecci\u00f3n en los \u00faltimos a\u00f1os, sino que se ha consolidado como un evento significativo en la zona norte de la Comunidad de Madrid. Asumimos con entusiasmo y responsabilidad el reto de seguir haciendo de esta carrera una experiencia deportiva y solidaria de referencia.\u201d<\/em><\/p>\n<!-- \/wp:paragraph -->\n\n<!-- wp:paragraph -->\n<p><a href=\"https:\/\/inscripciones.compratudorsal.com\/inscripcion\/v-carrera-solidaria-liceo-europeo\/inscripcion_datos\/\"><strong>Enlace a inscripciones.<\/strong><\/a><\/p>\n<!-- \/wp:paragraph -->","_et_gb_content_width":"1080","_joinchat":[],"footnotes":""},"categories":[17],"tags":[181,158,159,385,386,382,171,383,381,43,384,31,32,387,164],"class_list":["post-15904","post","type-post","status-publish","format-standard","has-post-thumbnail","hentry","category-noticias","tag-ayuntamiento-alcobendas","tag-carrera-popular","tag-carrera-solidaria","tag-club-corredores","tag-club-running","tag-colegio-la-moraleja","tag-colegio-privado","tag-colegio-privado-la-moraleja","tag-colegio-privado-madrid","tag-fundacion-liceo-europeo","tag-fundacion-pablo-horstmann","tag-liceo-europeo","tag-liceo-europeo-madrid","tag-proyecto-solidario","tag-running"],"acf":[],"yoast_head":"<!-- This site is optimized with the Yoast SEO plugin v27.5 - https:\/\/yoast.com\/product\/yoast-seo-wordpress\/ -->\n<title>V Carrera Solidaria Liceo Europeo Madrid<\/title>\n<meta name=\"description\" content=\"La V edici\u00f3n de la Carrera Solidaria de Liceo Europeo de Madrid, se celebrar\u00e1 el pr\u00f3ximo 8 de junio a favor de la Fundaci\u00f3n Pablo Horstmann.\" \/>\n<meta name=\"robots\" content=\"index, follow, max-snippet:-1, max-image-preview:large, max-video-preview:-1\" \/>\n<link rel=\"canonical\" href=\"https:\/\/liceo-europeo.es\/en\/noticias\/liceo-europeo-celebra-la-v-carrera-solidaria-en-apoyo-a-la-asociacion-pablo-hortsmann\/\" \/>\n<meta property=\"og:locale\" content=\"en_US\" \/>\n<meta property=\"og:type\" content=\"article\" \/>\n<meta property=\"og:title\" content=\"V Carrera Solidaria Liceo Europeo Madrid\" \/>\n<meta property=\"og:description\" content=\"La V edici\u00f3n de la Carrera Solidaria de Liceo Europeo de Madrid, se celebrar\u00e1 el pr\u00f3ximo 8 de junio a favor de la Fundaci\u00f3n Pablo Horstmann.\" \/>\n<meta property=\"og:url\" content=\"https:\/\/liceo-europeo.es\/en\/noticias\/liceo-europeo-celebra-la-v-carrera-solidaria-en-apoyo-a-la-asociacion-pablo-hortsmann\/\" \/>\n<meta property=\"og:site_name\" content=\"Colegio biling\u00fce privado en Madrid | Liceo Europeo\" \/>\n<meta property=\"article:publisher\" content=\"https:\/\/www.facebook.com\/liceoeuropeo\" \/>\n<meta property=\"article:published_time\" content=\"2025-04-09T15:31:25+00:00\" \/>\n<meta property=\"article:modified_time\" content=\"2026-03-09T14:46:33+00:00\" \/>\n<meta property=\"og:image\" content=\"https:\/\/liceo-europeo.es\/wp-content\/uploads\/2025\/04\/20250409-Visita-consejero-deporte-y-Fundacion-Hortsman-LOGO-29-scaled-e1744212291470.jpg\" \/>\n\t<meta property=\"og:image:width\" content=\"2048\" \/>\n\t<meta property=\"og:image:height\" content=\"2560\" \/>\n\t<meta property=\"og:image:type\" content=\"image\/jpeg\" \/>\n<meta name=\"author\" content=\"Liceo Europeo\" \/>\n<meta name=\"twitter:card\" content=\"summary_large_image\" \/>\n<meta name=\"twitter:creator\" content=\"@LiceoEuropeo\" \/>\n<meta name=\"twitter:site\" content=\"@LiceoEuropeo\" \/>\n<meta name=\"twitter:label1\" content=\"Written by\" \/>\n\t<meta name=\"twitter:data1\" content=\"Liceo Europeo\" \/>\n\t<meta name=\"twitter:label2\" content=\"Est. reading time\" \/>\n\t<meta name=\"twitter:data2\" content=\"4 minutes\" \/>\n<script type=\"application\/ld+json\" class=\"yoast-schema-graph\">{\"@context\":\"https:\\\/\\\/schema.org\",\"@graph\":[{\"@type\":\"Article\",\"@id\":\"https:\\\/\\\/liceo-europeo.es\\\/en\\\/noticias\\\/liceo-europeo-celebra-la-v-carrera-solidaria-en-apoyo-a-la-asociacion-pablo-hortsmann\\\/#article\",\"isPartOf\":{\"@id\":\"https:\\\/\\\/liceo-europeo.es\\\/en\\\/noticias\\\/liceo-europeo-celebra-la-v-carrera-solidaria-en-apoyo-a-la-asociacion-pablo-hortsmann\\\/\"},\"author\":{\"name\":\"Liceo Europeo\",\"@id\":\"https:\\\/\\\/liceo-europeo.es\\\/en\\\/#\\\/schema\\\/person\\\/25e95f9e89b41c22c91e01c1f78ad606\"},\"headline\":\"La V Carrera Solidaria de Liceo Europeo consolida su red de apoyo institucional y social\",\"datePublished\":\"2025-04-09T15:31:25+00:00\",\"dateModified\":\"2026-03-09T14:46:33+00:00\",\"mainEntityOfPage\":{\"@id\":\"https:\\\/\\\/liceo-europeo.es\\\/en\\\/noticias\\\/liceo-europeo-celebra-la-v-carrera-solidaria-en-apoyo-a-la-asociacion-pablo-hortsmann\\\/\"},\"wordCount\":794,\"publisher\":{\"@id\":\"https:\\\/\\\/liceo-europeo.es\\\/en\\\/#organization\"},\"image\":{\"@id\":\"https:\\\/\\\/liceo-europeo.es\\\/en\\\/noticias\\\/liceo-europeo-celebra-la-v-carrera-solidaria-en-apoyo-a-la-asociacion-pablo-hortsmann\\\/#primaryimage\"},\"thumbnailUrl\":\"https:\\\/\\\/liceo-europeo.es\\\/wp-content\\\/uploads\\\/2025\\\/04\\\/20250409-Visita-consejero-deporte-y-Fundacion-Hortsman-LOGO-29-scaled-e1744212291470.jpg\",\"keywords\":[\"ayuntamiento alcobendas\",\"carrera popular\",\"carrera solidaria\",\"Club Corredores\",\"Club running\",\"Colegio La Moraleja\",\"colegio privado\",\"Colegio Privado La Moraleja\",\"Colegio Privado Madrid\",\"fundaci\u00f3n liceo europeo\",\"Fundaci\u00f3n Pablo Horstmann\",\"liceo europeo\",\"liceo europeo madrid\",\"Proyecto solidario\",\"running\"],\"articleSection\":[\"NOTICIAS\"],\"inLanguage\":\"en-US\"},{\"@type\":\"WebPage\",\"@id\":\"https:\\\/\\\/liceo-europeo.es\\\/en\\\/noticias\\\/liceo-europeo-celebra-la-v-carrera-solidaria-en-apoyo-a-la-asociacion-pablo-hortsmann\\\/\",\"url\":\"https:\\\/\\\/liceo-europeo.es\\\/en\\\/noticias\\\/liceo-europeo-celebra-la-v-carrera-solidaria-en-apoyo-a-la-asociacion-pablo-hortsmann\\\/\",\"name\":\"V Carrera Solidaria Liceo Europeo Madrid\",\"isPartOf\":{\"@id\":\"https:\\\/\\\/liceo-europeo.es\\\/en\\\/#website\"},\"primaryImageOfPage\":{\"@id\":\"https:\\\/\\\/liceo-europeo.es\\\/en\\\/noticias\\\/liceo-europeo-celebra-la-v-carrera-solidaria-en-apoyo-a-la-asociacion-pablo-hortsmann\\\/#primaryimage\"},\"image\":{\"@id\":\"https:\\\/\\\/liceo-europeo.es\\\/en\\\/noticias\\\/liceo-europeo-celebra-la-v-carrera-solidaria-en-apoyo-a-la-asociacion-pablo-hortsmann\\\/#primaryimage\"},\"thumbnailUrl\":\"https:\\\/\\\/liceo-europeo.es\\\/wp-content\\\/uploads\\\/2025\\\/04\\\/20250409-Visita-consejero-deporte-y-Fundacion-Hortsman-LOGO-29-scaled-e1744212291470.jpg\",\"datePublished\":\"2025-04-09T15:31:25+00:00\",\"dateModified\":\"2026-03-09T14:46:33+00:00\",\"description\":\"La V edici\u00f3n de la Carrera Solidaria de Liceo Europeo de Madrid, se celebrar\u00e1 el pr\u00f3ximo 8 de junio a favor de la Fundaci\u00f3n Pablo Horstmann.\",\"breadcrumb\":{\"@id\":\"https:\\\/\\\/liceo-europeo.es\\\/en\\\/noticias\\\/liceo-europeo-celebra-la-v-carrera-solidaria-en-apoyo-a-la-asociacion-pablo-hortsmann\\\/#breadcrumb\"},\"inLanguage\":\"en-US\",\"potentialAction\":[{\"@type\":\"ReadAction\",\"target\":[\"https:\\\/\\\/liceo-europeo.es\\\/en\\\/noticias\\\/liceo-europeo-celebra-la-v-carrera-solidaria-en-apoyo-a-la-asociacion-pablo-hortsmann\\\/\"]}]},{\"@type\":\"ImageObject\",\"inLanguage\":\"en-US\",\"@id\":\"https:\\\/\\\/liceo-europeo.es\\\/en\\\/noticias\\\/liceo-europeo-celebra-la-v-carrera-solidaria-en-apoyo-a-la-asociacion-pablo-hortsmann\\\/#primaryimage\",\"url\":\"https:\\\/\\\/liceo-europeo.es\\\/wp-content\\\/uploads\\\/2025\\\/04\\\/20250409-Visita-consejero-deporte-y-Fundacion-Hortsman-LOGO-29-scaled-e1744212291470.jpg\",\"contentUrl\":\"https:\\\/\\\/liceo-europeo.es\\\/wp-content\\\/uploads\\\/2025\\\/04\\\/20250409-Visita-consejero-deporte-y-Fundacion-Hortsman-LOGO-29-scaled-e1744212291470.jpg\",\"width\":2048,\"height\":2560},{\"@type\":\"BreadcrumbList\",\"@id\":\"https:\\\/\\\/liceo-europeo.es\\\/en\\\/noticias\\\/liceo-europeo-celebra-la-v-carrera-solidaria-en-apoyo-a-la-asociacion-pablo-hortsmann\\\/#breadcrumb\",\"itemListElement\":[{\"@type\":\"ListItem\",\"position\":1,\"name\":\"Portada\",\"item\":\"https:\\\/\\\/liceo-europeo.es\\\/en\\\/\"},{\"@type\":\"ListItem\",\"position\":2,\"name\":\"La V Carrera Solidaria de Liceo Europeo consolida su red de apoyo institucional y social\"}]},{\"@type\":\"WebSite\",\"@id\":\"https:\\\/\\\/liceo-europeo.es\\\/en\\\/#website\",\"url\":\"https:\\\/\\\/liceo-europeo.es\\\/en\\\/\",\"name\":\"Colegio biling\u00fce privado en Madrid | Liceo Europeo\",\"description\":\"\",\"publisher\":{\"@id\":\"https:\\\/\\\/liceo-europeo.es\\\/en\\\/#organization\"},\"potentialAction\":[{\"@type\":\"SearchAction\",\"target\":{\"@type\":\"EntryPoint\",\"urlTemplate\":\"https:\\\/\\\/liceo-europeo.es\\\/en\\\/?s={search_term_string}\"},\"query-input\":{\"@type\":\"PropertyValueSpecification\",\"valueRequired\":true,\"valueName\":\"search_term_string\"}}],\"inLanguage\":\"en-US\"},{\"@type\":\"Organization\",\"@id\":\"https:\\\/\\\/liceo-europeo.es\\\/en\\\/#organization\",\"name\":\"Colegio biling\u00fce privado en Madrid | Liceo Europeo\",\"url\":\"https:\\\/\\\/liceo-europeo.es\\\/en\\\/\",\"logo\":{\"@type\":\"ImageObject\",\"inLanguage\":\"en-US\",\"@id\":\"https:\\\/\\\/liceo-europeo.es\\\/en\\\/#\\\/schema\\\/logo\\\/image\\\/\",\"url\":\"https:\\\/\\\/liceo-europeo.es\\\/wp-content\\\/uploads\\\/2025\\\/02\\\/Logo_liceo_europeo.png\",\"contentUrl\":\"https:\\\/\\\/liceo-europeo.es\\\/wp-content\\\/uploads\\\/2025\\\/02\\\/Logo_liceo_europeo.png\",\"width\":805,\"height\":118,\"caption\":\"Colegio biling\u00fce privado en Madrid | Liceo Europeo\"},\"image\":{\"@id\":\"https:\\\/\\\/liceo-europeo.es\\\/en\\\/#\\\/schema\\\/logo\\\/image\\\/\"},\"sameAs\":[\"https:\\\/\\\/www.facebook.com\\\/liceoeuropeo\",\"https:\\\/\\\/x.com\\\/LiceoEuropeo\"]},{\"@type\":\"Person\",\"@id\":\"https:\\\/\\\/liceo-europeo.es\\\/en\\\/#\\\/schema\\\/person\\\/25e95f9e89b41c22c91e01c1f78ad606\",\"name\":\"Liceo Europeo\",\"image\":{\"@type\":\"ImageObject\",\"inLanguage\":\"en-US\",\"@id\":\"https:\\\/\\\/secure.gravatar.com\\\/avatar\\\/4cac45881e860e378c8ea610158408167be2aa7135709039315db73f685d36e8?s=96&d=mm&r=g\",\"url\":\"https:\\\/\\\/secure.gravatar.com\\\/avatar\\\/4cac45881e860e378c8ea610158408167be2aa7135709039315db73f685d36e8?s=96&d=mm&r=g\",\"contentUrl\":\"https:\\\/\\\/secure.gravatar.com\\\/avatar\\\/4cac45881e860e378c8ea610158408167be2aa7135709039315db73f685d36e8?s=96&d=mm&r=g\",\"caption\":\"Liceo Europeo\"},\"url\":\"https:\\\/\\\/liceo-europeo.es\\\/en\\\/author\\\/liceo-europeo\\\/\"}]}<\/script>\n<!-- \/ Yoast SEO plugin. -->","yoast_head_json":{"title":"V Carrera Solidaria Liceo Europeo Madrid","description":"La V edici\u00f3n de la Carrera Solidaria de Liceo Europeo de Madrid, se celebrar\u00e1 el pr\u00f3ximo 8 de junio a favor de la Fundaci\u00f3n Pablo Horstmann.","robots":{"index":"index","follow":"follow","max-snippet":"max-snippet:-1","max-image-preview":"max-image-preview:large","max-video-preview":"max-video-preview:-1"},"canonical":"https:\/\/liceo-europeo.es\/en\/noticias\/liceo-europeo-celebra-la-v-carrera-solidaria-en-apoyo-a-la-asociacion-pablo-hortsmann\/","og_locale":"en_US","og_type":"article","og_title":"V Carrera Solidaria Liceo Europeo Madrid","og_description":"La V edici\u00f3n de la Carrera Solidaria de Liceo Europeo de Madrid, se celebrar\u00e1 el pr\u00f3ximo 8 de junio a favor de la Fundaci\u00f3n Pablo Horstmann.","og_url":"https:\/\/liceo-europeo.es\/en\/noticias\/liceo-europeo-celebra-la-v-carrera-solidaria-en-apoyo-a-la-asociacion-pablo-hortsmann\/","og_site_name":"Colegio biling\u00fce privado en Madrid | Liceo Europeo","article_publisher":"https:\/\/www.facebook.com\/liceoeuropeo","article_published_time":"2025-04-09T15:31:25+00:00","article_modified_time":"2026-03-09T14:46:33+00:00","og_image":[{"width":2048,"height":2560,"url":"https:\/\/liceo-europeo.es\/wp-content\/uploads\/2025\/04\/20250409-Visita-consejero-deporte-y-Fundacion-Hortsman-LOGO-29-scaled-e1744212291470.jpg","type":"image\/jpeg"}],"author":"Liceo Europeo","twitter_card":"summary_large_image","twitter_creator":"@LiceoEuropeo","twitter_site":"@LiceoEuropeo","twitter_misc":{"Written by":"Liceo Europeo","Est. reading time":"4 minutes"},"schema":{"@context":"https:\/\/schema.org","@graph":[{"@type":"Article","@id":"https:\/\/liceo-europeo.es\/en\/noticias\/liceo-europeo-celebra-la-v-carrera-solidaria-en-apoyo-a-la-asociacion-pablo-hortsmann\/#article","isPartOf":{"@id":"https:\/\/liceo-europeo.es\/en\/noticias\/liceo-europeo-celebra-la-v-carrera-solidaria-en-apoyo-a-la-asociacion-pablo-hortsmann\/"},"author":{"name":"Liceo Europeo","@id":"https:\/\/liceo-europeo.es\/en\/#\/schema\/person\/25e95f9e89b41c22c91e01c1f78ad606"},"headline":"La V Carrera Solidaria de Liceo Europeo consolida su red de apoyo institucional y social","datePublished":"2025-04-09T15:31:25+00:00","dateModified":"2026-03-09T14:46:33+00:00","mainEntityOfPage":{"@id":"https:\/\/liceo-europeo.es\/en\/noticias\/liceo-europeo-celebra-la-v-carrera-solidaria-en-apoyo-a-la-asociacion-pablo-hortsmann\/"},"wordCount":794,"publisher":{"@id":"https:\/\/liceo-europeo.es\/en\/#organization"},"image":{"@id":"https:\/\/liceo-europeo.es\/en\/noticias\/liceo-europeo-celebra-la-v-carrera-solidaria-en-apoyo-a-la-asociacion-pablo-hortsmann\/#primaryimage"},"thumbnailUrl":"https:\/\/liceo-europeo.es\/wp-content\/uploads\/2025\/04\/20250409-Visita-consejero-deporte-y-Fundacion-Hortsman-LOGO-29-scaled-e1744212291470.jpg","keywords":["ayuntamiento alcobendas","carrera popular","carrera solidaria","Club Corredores","Club running","Colegio La Moraleja","colegio privado","Colegio Privado La Moraleja","Colegio Privado Madrid","fundaci\u00f3n liceo europeo","Fundaci\u00f3n Pablo Horstmann","liceo europeo","liceo europeo madrid","Proyecto solidario","running"],"articleSection":["NOTICIAS"],"inLanguage":"en-US"},{"@type":"WebPage","@id":"https:\/\/liceo-europeo.es\/en\/noticias\/liceo-europeo-celebra-la-v-carrera-solidaria-en-apoyo-a-la-asociacion-pablo-hortsmann\/","url":"https:\/\/liceo-europeo.es\/en\/noticias\/liceo-europeo-celebra-la-v-carrera-solidaria-en-apoyo-a-la-asociacion-pablo-hortsmann\/","name":"V Carrera Solidaria Liceo Europeo Madrid","isPartOf":{"@id":"https:\/\/liceo-europeo.es\/en\/#website"},"primaryImageOfPage":{"@id":"https:\/\/liceo-europeo.es\/en\/noticias\/liceo-europeo-celebra-la-v-carrera-solidaria-en-apoyo-a-la-asociacion-pablo-hortsmann\/#primaryimage"},"image":{"@id":"https:\/\/liceo-europeo.es\/en\/noticias\/liceo-europeo-celebra-la-v-carrera-solidaria-en-apoyo-a-la-asociacion-pablo-hortsmann\/#primaryimage"},"thumbnailUrl":"https:\/\/liceo-europeo.es\/wp-content\/uploads\/2025\/04\/20250409-Visita-consejero-deporte-y-Fundacion-Hortsman-LOGO-29-scaled-e1744212291470.jpg","datePublished":"2025-04-09T15:31:25+00:00","dateModified":"2026-03-09T14:46:33+00:00","description":"La V edici\u00f3n de la Carrera Solidaria de Liceo Europeo de Madrid, se celebrar\u00e1 el pr\u00f3ximo 8 de junio a favor de la Fundaci\u00f3n Pablo Horstmann.","breadcrumb":{"@id":"https:\/\/liceo-europeo.es\/en\/noticias\/liceo-europeo-celebra-la-v-carrera-solidaria-en-apoyo-a-la-asociacion-pablo-hortsmann\/#breadcrumb"},"inLanguage":"en-US","potentialAction":[{"@type":"ReadAction","target":["https:\/\/liceo-europeo.es\/en\/noticias\/liceo-europeo-celebra-la-v-carrera-solidaria-en-apoyo-a-la-asociacion-pablo-hortsmann\/"]}]},{"@type":"ImageObject","inLanguage":"en-US","@id":"https:\/\/liceo-europeo.es\/en\/noticias\/liceo-europeo-celebra-la-v-carrera-solidaria-en-apoyo-a-la-asociacion-pablo-hortsmann\/#primaryimage","url":"https:\/\/liceo-europeo.es\/wp-content\/uploads\/2025\/04\/20250409-Visita-consejero-deporte-y-Fundacion-Hortsman-LOGO-29-scaled-e1744212291470.jpg","contentUrl":"https:\/\/liceo-europeo.es\/wp-content\/uploads\/2025\/04\/20250409-Visita-consejero-deporte-y-Fundacion-Hortsman-LOGO-29-scaled-e1744212291470.jpg","width":2048,"height":2560},{"@type":"BreadcrumbList","@id":"https:\/\/liceo-europeo.es\/en\/noticias\/liceo-europeo-celebra-la-v-carrera-solidaria-en-apoyo-a-la-asociacion-pablo-hortsmann\/#breadcrumb","itemListElement":[{"@type":"ListItem","position":1,"name":"Portada","item":"https:\/\/liceo-europeo.es\/en\/"},{"@type":"ListItem","position":2,"name":"La V Carrera Solidaria de Liceo Europeo consolida su red de apoyo institucional y social"}]},{"@type":"WebSite","@id":"https:\/\/liceo-europeo.es\/en\/#website","url":"https:\/\/liceo-europeo.es\/en\/","name":"Colegio biling\u00fce privado en Madrid | Liceo Europeo","description":"","publisher":{"@id":"https:\/\/liceo-europeo.es\/en\/#organization"},"potentialAction":[{"@type":"SearchAction","target":{"@type":"EntryPoint","urlTemplate":"https:\/\/liceo-europeo.es\/en\/?s={search_term_string}"},"query-input":{"@type":"PropertyValueSpecification","valueRequired":true,"valueName":"search_term_string"}}],"inLanguage":"en-US"},{"@type":"Organization","@id":"https:\/\/liceo-europeo.es\/en\/#organization","name":"Colegio biling\u00fce privado en Madrid | Liceo Europeo","url":"https:\/\/liceo-europeo.es\/en\/","logo":{"@type":"ImageObject","inLanguage":"en-US","@id":"https:\/\/liceo-europeo.es\/en\/#\/schema\/logo\/image\/","url":"https:\/\/liceo-europeo.es\/wp-content\/uploads\/2025\/02\/Logo_liceo_europeo.png","contentUrl":"https:\/\/liceo-europeo.es\/wp-content\/uploads\/2025\/02\/Logo_liceo_europeo.png","width":805,"height":118,"caption":"Colegio biling\u00fce privado en Madrid | Liceo Europeo"},"image":{"@id":"https:\/\/liceo-europeo.es\/en\/#\/schema\/logo\/image\/"},"sameAs":["https:\/\/www.facebook.com\/liceoeuropeo","https:\/\/x.com\/LiceoEuropeo"]},{"@type":"Person","@id":"https:\/\/liceo-europeo.es\/en\/#\/schema\/person\/25e95f9e89b41c22c91e01c1f78ad606","name":"Liceo Europeo","image":{"@type":"ImageObject","inLanguage":"en-US","@id":"https:\/\/secure.gravatar.com\/avatar\/4cac45881e860e378c8ea610158408167be2aa7135709039315db73f685d36e8?s=96&d=mm&r=g","url":"https:\/\/secure.gravatar.com\/avatar\/4cac45881e860e378c8ea610158408167be2aa7135709039315db73f685d36e8?s=96&d=mm&r=g","contentUrl":"https:\/\/secure.gravatar.com\/avatar\/4cac45881e860e378c8ea610158408167be2aa7135709039315db73f685d36e8?s=96&d=mm&r=g","caption":"Liceo Europeo"},"url":"https:\/\/liceo-europeo.es\/en\/author\/liceo-europeo\/"}]}},"_links":{"self":[{"href":"https:\/\/liceo-europeo.es\/en\/wp-json\/wp\/v2\/posts\/15904","targetHints":{"allow":["GET"]}}],"collection":[{"href":"https:\/\/liceo-europeo.es\/en\/wp-json\/wp\/v2\/posts"}],"about":[{"href":"https:\/\/liceo-europeo.es\/en\/wp-json\/wp\/v2\/types\/post"}],"author":[{"embeddable":true,"href":"https:\/\/liceo-europeo.es\/en\/wp-json\/wp\/v2\/users\/3"}],"replies":[{"embeddable":true,"href":"https:\/\/liceo-europeo.es\/en\/wp-json\/wp\/v2\/comments?post=15904"}],"version-history":[{"count":3,"href":"https:\/\/liceo-europeo.es\/en\/wp-json\/wp\/v2\/posts\/15904\/revisions"}],"predecessor-version":[{"id":15908,"href":"https:\/\/liceo-europeo.es\/en\/wp-json\/wp\/v2\/posts\/15904\/revisions\/15908"}],"wp:featuredmedia":[{"embeddable":true,"href":"https:\/\/liceo-europeo.es\/en\/wp-json\/wp\/v2\/media\/11466"}],"wp:attachment":[{"href":"https:\/\/liceo-europeo.es\/en\/wp-json\/wp\/v2\/media?parent=15904"}],"wp:term":[{"taxonomy":"category","embeddable":true,"href":"https:\/\/liceo-europeo.es\/en\/wp-json\/wp\/v2\/categories?post=15904"},{"taxonomy":"post_tag","embeddable":true,"href":"https:\/\/liceo-europeo.es\/en\/wp-json\/wp\/v2\/tags?post=15904"}],"curies":[{"name":"wp","href":"https:\/\/api.w.org\/{rel}","templated":true}]}}