{"id":10202,"date":"2023-12-19T12:33:07","date_gmt":"2023-12-19T11:33:07","guid":{"rendered":"https:\/\/liceo-europeo.es\/sin-categorizar\/liceo-social-acciones-solidarias-en-el-entorno-escolar\/"},"modified":"2026-03-13T12:14:06","modified_gmt":"2026-03-13T11:14:06","slug":"liceo-social-acciones-solidarias-en-el-entorno-escolar","status":"publish","type":"post","link":"https:\/\/liceo-europeo.es\/en\/news\/liceo-social-acciones-solidarias-en-el-entorno-escolar\/","title":{"rendered":"Liceo Social, solidarity actions in the school environment"},"content":{"rendered":"<p data-start=\"0\" data-end=\"295\">\n<p data-start=\"0\" data-end=\"295\">\n<p data-start=\"0\" data-end=\"295\">Students in the <strong data-start=\"16\" data-end=\"70\">International Baccalaureate (IB) Diploma Programme<\/strong>, in collaboration with the <strong data-start=\"98\" data-end=\"126\">Liceo Europeo Foundation<\/strong>, initiate a program of charitable activities that they themselves propose and develop within the school environment, extending it to the entire educational community.<\/p>\n<p data-start=\"297\" data-end=\"472\">As part of the <strong data-start=\"312\" data-end=\"351\">Creativity, Activity, Service (CAS)<\/strong> subject, they design projects aimed at raising awareness and engaging classmates, families, and friends of the school.<\/p>\n<p data-start=\"474\" data-end=\"694\">The school places great importance on values education and experiential learning, which in turn increases students\u2019 motivation to lead these initiatives in partnership with associations and foundations of their choice.<\/p>\n<p data-start=\"696\" data-end=\"759\">Some of the projects they have coordinated this year include:<\/p>\n<p>&gt; <strong>Integration<\/strong> Educational Day:<span style=\"font-size: revert;\"> We welcomed a group of children from the <\/span>Cristo Rey Special Education Center<span style=\"font-size: revert;\">, managed by the <\/span><strong><a href=\"https:\/\/downmadrid.org\/\">Down Syndrome Foundation of Madrid<\/a><\/strong><span style=\"font-size: revert;\">, to share a wide range of activities: crafts workshops, dance, paddle tennis, soccer, basketball, swimming, and more.<\/span><\/p>\n<p>&gt; Visit to a <strong style=\"font-size: revert;\" data-start=\"1055\" data-end=\"1087\">community kitchen<\/strong><span style=\"font-size: revert;\"> in San Sebasti\u00e1n de los Reyes to serve meals to people in need.<\/span><\/p>\n<p>&gt; Collaboration with the<strong style=\"font-size: revert;\" data-start=\"1157\" data-end=\"1212\"><a href=\"https:\/\/alzfae.org\/\">Alzheimer\u2019s Spain Foundation<\/a><\/strong><span style=\"font-size: revert;\"> through a <strong>charity raffle<\/strong> organized by the students themselves, selling tickets to classmates. All proceeds are donated entirely to research on the disease.<\/span><\/p>\n<p>&gt; <strong style=\"font-size: revert;\" data-start=\"1374\" data-end=\"1423\">Food, toy, and school\/sports material drives.<\/strong><span style=\"font-size: revert;\"> Donations are delivered to the <\/span>Ciudad Pegaso Parish<span style=\"font-size: revert;\">, the <\/span><a href=\"https:\/\/bamadrid.org\/\"><strong style=\"font-size: revert;\" data-start=\"1485\" data-end=\"1498\">Food Bank<\/strong><\/a><span style=\"font-size: revert;\">, and the <\/span><a href=\"https:\/\/asociacioncadelpa.org\/\"><strong style=\"font-size: revert;\" data-start=\"1508\" data-end=\"1531\">Cadelpa Association<\/strong><\/a><span style=\"font-size: revert;\">, with <\/span><a href=\"https:\/\/dlfspain.com\/\">DLF Spain<\/a><span style=\"font-size: revert;\"> assisting in the transport of the items.<\/span><\/p>\n<div class=\"flex flex-col text-sm\">\n<article class=\"text-token-text-primary w-full focus:outline-none [--shadow-height:45px] has-data-writing-block:pointer-events-none has-data-writing-block:-mt-(--shadow-height) has-data-writing-block:pt-(--shadow-height) [&amp;:has([data-writing-block])&gt;*]:pointer-events-auto scroll-mt-[calc(var(--header-height)+min(200px,max(70px,20svh)))]\" dir=\"auto\" tabindex=\"-1\" data-turn-id=\"request-69b17efb-ab4c-8327-bb47-dbf5d6fce751-0\" data-testid=\"conversation-turn-56\" data-scroll-anchor=\"true\" data-turn=\"assistant\">\n<div class=\"text-base my-auto mx-auto pb-10 [--thread-content-margin:var(--thread-content-margin-xs,calc(var(--spacing)*4))] @w-sm\/main:[--thread-content-margin:var(--thread-content-margin-sm,calc(var(--spacing)*6))] @w-lg\/main:[--thread-content-margin:var(--thread-content-margin-lg,calc(var(--spacing)*16))] px-(--thread-content-margin)\">\n<div class=\"[--thread-content-max-width:40rem] @w-lg\/main:[--thread-content-max-width:48rem] mx-auto max-w-(--thread-content-max-width) flex-1 group\/turn-messages focus-visible:outline-hidden relative flex w-full min-w-0 flex-col agent-turn\" tabindex=\"-1\">\n<div class=\"mt-3 w-full empty:hidden\">\n<div class=\"text-center\"><\/div>\n<\/div>\n<\/div>\n<\/div>\n<\/article>\n<\/div>\n<div class=\"pointer-events-none h-px w-px absolute bottom-0\" aria-hidden=\"true\" data-edge=\"true\"><\/div>\n","protected":false},"excerpt":{"rendered":"<p>Students in the International Baccalaureate (IB) Diploma Programme, in collaboration with the Liceo Europeo Foundation, initiate a program of charitable activities that they themselves propose and develop within the school environment, extending it to the entire educational community. As part of the Creativity, Activity, Service (CAS) subject, they design projects aimed at raising awareness and engaging classmates, families, and friends of the school. The school places great importance on values education and experiential learning, which in turn increases students\u2019 motivation to lead these initiatives in partnership with associations and foundations of their choice. Some of the projects they have coordinated this year include: &gt; Integration Educational Day: We welcomed a group of children from the Cristo Rey Special Education Center, managed by the Down Syndrome Foundation of Madrid, to share a wide range of activities: crafts workshops, dance, paddle tennis, soccer, basketball, swimming, and more. &gt; Visit to a community kitchen in San Sebasti\u00e1n de los Reyes to serve meals to people in need. &gt; Collaboration with theAlzheimer\u2019s Spain Foundation through a charity raffle organized by the students themselves, selling tickets to classmates. All proceeds are donated entirely to research on the disease. &gt; Food, toy, and school\/sports material drives. [&hellip;]<\/p>\n","protected":false},"author":3,"featured_media":9794,"comment_status":"closed","ping_status":"closed","sticky":false,"template":"","format":"standard","meta":{"_acf_changed":false,"_et_pb_use_builder":"on","_et_pb_old_content":"Los alumnos del Programa del Diploma del <a href=\"\/?page_id=3151\" target=\"_blank\" rel=\"noopener\">Bachillerato Internacional<\/a>, en colaboraci\u00f3n con la <a href=\"\/?page_id=3967\" target=\"_blank\" rel=\"noopener\">Fundaci\u00f3n Liceo Europeo<\/a>, inician un programa de actividades solidarias que ellos mismos proponen y desarrollan en el entorno escolar, haci\u00e9ndolo extensivo a toda la comunidad educativa.\n\nComo parte de la asignatura de Creatividad, Actividad y Servicio (CAS), plantean proyectos con el objetivo de concienciar e involucrar a compa\u00f1eros, familias y amigos del colegio.\n\nDesde el colegio damos gran importancia a la educaci\u00f3n en valores y al aprendizaje desde la experiencia, lo que a su vez se traduce en una mejora de la motivaci\u00f3n de los alumnos por liderar estas iniciativas de la mano de asociaciones\/fundaciones que ellos mismos eligen.\n\nEstos son algunos de los proyectos que han coordinado este a\u00f1o:\n\n&gt; Jornada educativa de <strong>integraci\u00f3n<\/strong>. Recibimos a un grupo de ni\u00f1os del Centro de Educaci\u00f3n Especial Cristo Rey, colegio gestionado por la <strong><a href=\"https:\/\/downmadrid.org\/\" target=\"_blank\" rel=\"noopener\">Fundaci\u00f3n S\u00edndrome de Down de Madrid<\/a><\/strong>, para compartir con ellos un amplio abanico de actividades: taller de manualidades, baile, p\u00e1del, f\u00fatbol, baloncesto, nataci\u00f3n...\n\n&gt; Visita a un <strong>comedor social<\/strong> en San Sebasti\u00e1n de los Reyes para dar de comer a personas sin recursos.\n\n&gt; Colaboraci\u00f3n con la <strong><a href=\"https:\/\/alzfae.org\/\" target=\"_blank\" rel=\"noopener\">Fundaci\u00f3n Alzheimer Espa\u00f1a<\/a><\/strong> a trav\u00e9s de una <strong>rifa solidaria<\/strong> que ellos mismos organizan, vendiendo papeletas por las clases del colegio a sus compa\u00f1eros. La recaudaci\u00f3n ir\u00e1 \u00edntegramente destinada a la investigaci\u00f3n de esta enfermedad.\n\n&gt; Campa\u00f1as de <strong>recogida de alimentos, juguetes, material infantil y deportivo<\/strong>. Las donaciones se entregan en la Parroquia de Ciudad Pegaso, en el <a href=\"https:\/\/bamadrid.org\/\" target=\"_blank\" rel=\"noopener\">Banco de Alimentos<\/a>\u00a0y en la <a href=\"https:\/\/asociacioncadelpa.org\/\" target=\"_blank\" rel=\"noopener\">Asociaci\u00f3n Cadelpa<\/a>. Colabora en el transporte de la mercanc\u00eda <a href=\"https:\/\/www.dlfspain.com\/\" target=\"_blank\" rel=\"noopener\">DLF Spain<\/a>.","_et_gb_content_width":"","_joinchat":[],"footnotes":""},"categories":[275],"tags":[33,41,173,236,44,45],"class_list":["post-10202","post","type-post","status-publish","format-standard","has-post-thumbnail","hentry","category-news","tag-bachillerato-internacional","tag-cas","tag-educacion-en-valores","tag-ib-school","tag-solidaridad","tag-voluntariado"],"acf":[],"yoast_head":"<!-- This site is optimized with the Yoast SEO plugin v27.5 - https:\/\/yoast.com\/product\/yoast-seo-wordpress\/ -->\n<title>Liceo Social, solidarity actions in the school environment - Colegio biling\u00fce privado en Madrid | Liceo Europeo<\/title>\n<meta name=\"description\" content=\"Proyectos de voluntariado organizados por alumnos del Programa del Diploma del Bachillerato Internacional.\" \/>\n<meta name=\"robots\" content=\"index, follow, max-snippet:-1, max-image-preview:large, max-video-preview:-1\" \/>\n<link rel=\"canonical\" href=\"https:\/\/liceo-europeo.es\/en\/news\/liceo-social-acciones-solidarias-en-el-entorno-escolar\/\" \/>\n<meta property=\"og:locale\" content=\"en_US\" \/>\n<meta property=\"og:type\" content=\"article\" \/>\n<meta property=\"og:title\" content=\"Liceo Social, solidarity actions in the school environment - Colegio biling\u00fce privado en Madrid | Liceo Europeo\" \/>\n<meta property=\"og:description\" content=\"Proyectos de voluntariado organizados por alumnos del Programa del Diploma del Bachillerato Internacional.\" \/>\n<meta property=\"og:url\" content=\"https:\/\/liceo-europeo.es\/en\/news\/liceo-social-acciones-solidarias-en-el-entorno-escolar\/\" \/>\n<meta property=\"og:site_name\" content=\"Colegio biling\u00fce privado en Madrid | Liceo Europeo\" \/>\n<meta property=\"article:publisher\" content=\"https:\/\/www.facebook.com\/liceoeuropeo\" \/>\n<meta property=\"article:published_time\" content=\"2023-12-19T11:33:07+00:00\" \/>\n<meta property=\"article:modified_time\" content=\"2026-03-13T11:14:06+00:00\" \/>\n<meta property=\"og:image\" content=\"https:\/\/liceo-europeo.es\/wp-content\/uploads\/2023\/12\/4-825x510-1.jpg\" \/>\n\t<meta property=\"og:image:width\" content=\"825\" \/>\n\t<meta property=\"og:image:height\" content=\"510\" \/>\n\t<meta property=\"og:image:type\" content=\"image\/jpeg\" \/>\n<meta name=\"author\" content=\"Liceo Europeo\" \/>\n<meta name=\"twitter:card\" content=\"summary_large_image\" \/>\n<meta name=\"twitter:creator\" content=\"@LiceoEuropeo\" \/>\n<meta name=\"twitter:site\" content=\"@LiceoEuropeo\" \/>\n<meta name=\"twitter:label1\" content=\"Written by\" \/>\n\t<meta name=\"twitter:data1\" content=\"Liceo Europeo\" \/>\n\t<meta name=\"twitter:label2\" content=\"Est. reading time\" \/>\n\t<meta name=\"twitter:data2\" content=\"2 minutes\" \/>\n<script type=\"application\/ld+json\" class=\"yoast-schema-graph\">{\"@context\":\"https:\\\/\\\/schema.org\",\"@graph\":[{\"@type\":\"Article\",\"@id\":\"https:\\\/\\\/liceo-europeo.es\\\/en\\\/news\\\/liceo-social-acciones-solidarias-en-el-entorno-escolar\\\/#article\",\"isPartOf\":{\"@id\":\"https:\\\/\\\/liceo-europeo.es\\\/en\\\/news\\\/liceo-social-acciones-solidarias-en-el-entorno-escolar\\\/\"},\"author\":{\"name\":\"Liceo Europeo\",\"@id\":\"https:\\\/\\\/liceo-europeo.es\\\/en\\\/#\\\/schema\\\/person\\\/25e95f9e89b41c22c91e01c1f78ad606\"},\"headline\":\"Liceo Social, solidarity actions in the school environment\",\"datePublished\":\"2023-12-19T11:33:07+00:00\",\"dateModified\":\"2026-03-13T11:14:06+00:00\",\"mainEntityOfPage\":{\"@id\":\"https:\\\/\\\/liceo-europeo.es\\\/en\\\/news\\\/liceo-social-acciones-solidarias-en-el-entorno-escolar\\\/\"},\"wordCount\":237,\"publisher\":{\"@id\":\"https:\\\/\\\/liceo-europeo.es\\\/en\\\/#organization\"},\"image\":{\"@id\":\"https:\\\/\\\/liceo-europeo.es\\\/en\\\/news\\\/liceo-social-acciones-solidarias-en-el-entorno-escolar\\\/#primaryimage\"},\"thumbnailUrl\":\"https:\\\/\\\/liceo-europeo.es\\\/wp-content\\\/uploads\\\/2023\\\/12\\\/4-825x510-1.jpg\",\"keywords\":[\"bachillerato internacional\",\"cas\",\"educacion en valores\",\"ib school\",\"solidaridad\",\"voluntariado\"],\"articleSection\":[\"News\"],\"inLanguage\":\"en-US\"},{\"@type\":\"WebPage\",\"@id\":\"https:\\\/\\\/liceo-europeo.es\\\/en\\\/news\\\/liceo-social-acciones-solidarias-en-el-entorno-escolar\\\/\",\"url\":\"https:\\\/\\\/liceo-europeo.es\\\/en\\\/news\\\/liceo-social-acciones-solidarias-en-el-entorno-escolar\\\/\",\"name\":\"Liceo Social, solidarity actions in the school environment - Colegio biling\u00fce privado en Madrid | Liceo Europeo\",\"isPartOf\":{\"@id\":\"https:\\\/\\\/liceo-europeo.es\\\/en\\\/#website\"},\"primaryImageOfPage\":{\"@id\":\"https:\\\/\\\/liceo-europeo.es\\\/en\\\/news\\\/liceo-social-acciones-solidarias-en-el-entorno-escolar\\\/#primaryimage\"},\"image\":{\"@id\":\"https:\\\/\\\/liceo-europeo.es\\\/en\\\/news\\\/liceo-social-acciones-solidarias-en-el-entorno-escolar\\\/#primaryimage\"},\"thumbnailUrl\":\"https:\\\/\\\/liceo-europeo.es\\\/wp-content\\\/uploads\\\/2023\\\/12\\\/4-825x510-1.jpg\",\"datePublished\":\"2023-12-19T11:33:07+00:00\",\"dateModified\":\"2026-03-13T11:14:06+00:00\",\"description\":\"Proyectos de voluntariado organizados por alumnos del Programa del Diploma del Bachillerato Internacional.\",\"breadcrumb\":{\"@id\":\"https:\\\/\\\/liceo-europeo.es\\\/en\\\/news\\\/liceo-social-acciones-solidarias-en-el-entorno-escolar\\\/#breadcrumb\"},\"inLanguage\":\"en-US\",\"potentialAction\":[{\"@type\":\"ReadAction\",\"target\":[\"https:\\\/\\\/liceo-europeo.es\\\/en\\\/news\\\/liceo-social-acciones-solidarias-en-el-entorno-escolar\\\/\"]}]},{\"@type\":\"ImageObject\",\"inLanguage\":\"en-US\",\"@id\":\"https:\\\/\\\/liceo-europeo.es\\\/en\\\/news\\\/liceo-social-acciones-solidarias-en-el-entorno-escolar\\\/#primaryimage\",\"url\":\"https:\\\/\\\/liceo-europeo.es\\\/wp-content\\\/uploads\\\/2023\\\/12\\\/4-825x510-1.jpg\",\"contentUrl\":\"https:\\\/\\\/liceo-europeo.es\\\/wp-content\\\/uploads\\\/2023\\\/12\\\/4-825x510-1.jpg\",\"width\":825,\"height\":510,\"caption\":\"Liceo Social, acciones solidarias en el entorno escolar\"},{\"@type\":\"BreadcrumbList\",\"@id\":\"https:\\\/\\\/liceo-europeo.es\\\/en\\\/news\\\/liceo-social-acciones-solidarias-en-el-entorno-escolar\\\/#breadcrumb\",\"itemListElement\":[{\"@type\":\"ListItem\",\"position\":1,\"name\":\"Portada\",\"item\":\"https:\\\/\\\/liceo-europeo.es\\\/en\\\/\"},{\"@type\":\"ListItem\",\"position\":2,\"name\":\"Liceo Social, solidarity actions in the school environment\"}]},{\"@type\":\"WebSite\",\"@id\":\"https:\\\/\\\/liceo-europeo.es\\\/en\\\/#website\",\"url\":\"https:\\\/\\\/liceo-europeo.es\\\/en\\\/\",\"name\":\"Colegio biling\u00fce privado en Madrid | Liceo Europeo\",\"description\":\"\",\"publisher\":{\"@id\":\"https:\\\/\\\/liceo-europeo.es\\\/en\\\/#organization\"},\"potentialAction\":[{\"@type\":\"SearchAction\",\"target\":{\"@type\":\"EntryPoint\",\"urlTemplate\":\"https:\\\/\\\/liceo-europeo.es\\\/en\\\/?s={search_term_string}\"},\"query-input\":{\"@type\":\"PropertyValueSpecification\",\"valueRequired\":true,\"valueName\":\"search_term_string\"}}],\"inLanguage\":\"en-US\"},{\"@type\":\"Organization\",\"@id\":\"https:\\\/\\\/liceo-europeo.es\\\/en\\\/#organization\",\"name\":\"Colegio biling\u00fce privado en Madrid | Liceo Europeo\",\"url\":\"https:\\\/\\\/liceo-europeo.es\\\/en\\\/\",\"logo\":{\"@type\":\"ImageObject\",\"inLanguage\":\"en-US\",\"@id\":\"https:\\\/\\\/liceo-europeo.es\\\/en\\\/#\\\/schema\\\/logo\\\/image\\\/\",\"url\":\"https:\\\/\\\/liceo-europeo.es\\\/wp-content\\\/uploads\\\/2025\\\/02\\\/Logo_liceo_europeo.png\",\"contentUrl\":\"https:\\\/\\\/liceo-europeo.es\\\/wp-content\\\/uploads\\\/2025\\\/02\\\/Logo_liceo_europeo.png\",\"width\":805,\"height\":118,\"caption\":\"Colegio biling\u00fce privado en Madrid | Liceo Europeo\"},\"image\":{\"@id\":\"https:\\\/\\\/liceo-europeo.es\\\/en\\\/#\\\/schema\\\/logo\\\/image\\\/\"},\"sameAs\":[\"https:\\\/\\\/www.facebook.com\\\/liceoeuropeo\",\"https:\\\/\\\/x.com\\\/LiceoEuropeo\"]},{\"@type\":\"Person\",\"@id\":\"https:\\\/\\\/liceo-europeo.es\\\/en\\\/#\\\/schema\\\/person\\\/25e95f9e89b41c22c91e01c1f78ad606\",\"name\":\"Liceo Europeo\",\"image\":{\"@type\":\"ImageObject\",\"inLanguage\":\"en-US\",\"@id\":\"https:\\\/\\\/secure.gravatar.com\\\/avatar\\\/4cac45881e860e378c8ea610158408167be2aa7135709039315db73f685d36e8?s=96&d=mm&r=g\",\"url\":\"https:\\\/\\\/secure.gravatar.com\\\/avatar\\\/4cac45881e860e378c8ea610158408167be2aa7135709039315db73f685d36e8?s=96&d=mm&r=g\",\"contentUrl\":\"https:\\\/\\\/secure.gravatar.com\\\/avatar\\\/4cac45881e860e378c8ea610158408167be2aa7135709039315db73f685d36e8?s=96&d=mm&r=g\",\"caption\":\"Liceo Europeo\"},\"url\":\"https:\\\/\\\/liceo-europeo.es\\\/en\\\/author\\\/liceo-europeo\\\/\"}]}<\/script>\n<!-- \/ Yoast SEO plugin. -->","yoast_head_json":{"title":"Liceo Social, solidarity actions in the school environment - Colegio biling\u00fce privado en Madrid | Liceo Europeo","description":"Proyectos de voluntariado organizados por alumnos del Programa del Diploma del Bachillerato Internacional.","robots":{"index":"index","follow":"follow","max-snippet":"max-snippet:-1","max-image-preview":"max-image-preview:large","max-video-preview":"max-video-preview:-1"},"canonical":"https:\/\/liceo-europeo.es\/en\/news\/liceo-social-acciones-solidarias-en-el-entorno-escolar\/","og_locale":"en_US","og_type":"article","og_title":"Liceo Social, solidarity actions in the school environment - Colegio biling\u00fce privado en Madrid | Liceo Europeo","og_description":"Proyectos de voluntariado organizados por alumnos del Programa del Diploma del Bachillerato Internacional.","og_url":"https:\/\/liceo-europeo.es\/en\/news\/liceo-social-acciones-solidarias-en-el-entorno-escolar\/","og_site_name":"Colegio biling\u00fce privado en Madrid | Liceo Europeo","article_publisher":"https:\/\/www.facebook.com\/liceoeuropeo","article_published_time":"2023-12-19T11:33:07+00:00","article_modified_time":"2026-03-13T11:14:06+00:00","og_image":[{"width":825,"height":510,"url":"https:\/\/liceo-europeo.es\/wp-content\/uploads\/2023\/12\/4-825x510-1.jpg","type":"image\/jpeg"}],"author":"Liceo Europeo","twitter_card":"summary_large_image","twitter_creator":"@LiceoEuropeo","twitter_site":"@LiceoEuropeo","twitter_misc":{"Written by":"Liceo Europeo","Est. reading time":"2 minutes"},"schema":{"@context":"https:\/\/schema.org","@graph":[{"@type":"Article","@id":"https:\/\/liceo-europeo.es\/en\/news\/liceo-social-acciones-solidarias-en-el-entorno-escolar\/#article","isPartOf":{"@id":"https:\/\/liceo-europeo.es\/en\/news\/liceo-social-acciones-solidarias-en-el-entorno-escolar\/"},"author":{"name":"Liceo Europeo","@id":"https:\/\/liceo-europeo.es\/en\/#\/schema\/person\/25e95f9e89b41c22c91e01c1f78ad606"},"headline":"Liceo Social, solidarity actions in the school environment","datePublished":"2023-12-19T11:33:07+00:00","dateModified":"2026-03-13T11:14:06+00:00","mainEntityOfPage":{"@id":"https:\/\/liceo-europeo.es\/en\/news\/liceo-social-acciones-solidarias-en-el-entorno-escolar\/"},"wordCount":237,"publisher":{"@id":"https:\/\/liceo-europeo.es\/en\/#organization"},"image":{"@id":"https:\/\/liceo-europeo.es\/en\/news\/liceo-social-acciones-solidarias-en-el-entorno-escolar\/#primaryimage"},"thumbnailUrl":"https:\/\/liceo-europeo.es\/wp-content\/uploads\/2023\/12\/4-825x510-1.jpg","keywords":["bachillerato internacional","cas","educacion en valores","ib school","solidaridad","voluntariado"],"articleSection":["News"],"inLanguage":"en-US"},{"@type":"WebPage","@id":"https:\/\/liceo-europeo.es\/en\/news\/liceo-social-acciones-solidarias-en-el-entorno-escolar\/","url":"https:\/\/liceo-europeo.es\/en\/news\/liceo-social-acciones-solidarias-en-el-entorno-escolar\/","name":"Liceo Social, solidarity actions in the school environment - Colegio biling\u00fce privado en Madrid | Liceo Europeo","isPartOf":{"@id":"https:\/\/liceo-europeo.es\/en\/#website"},"primaryImageOfPage":{"@id":"https:\/\/liceo-europeo.es\/en\/news\/liceo-social-acciones-solidarias-en-el-entorno-escolar\/#primaryimage"},"image":{"@id":"https:\/\/liceo-europeo.es\/en\/news\/liceo-social-acciones-solidarias-en-el-entorno-escolar\/#primaryimage"},"thumbnailUrl":"https:\/\/liceo-europeo.es\/wp-content\/uploads\/2023\/12\/4-825x510-1.jpg","datePublished":"2023-12-19T11:33:07+00:00","dateModified":"2026-03-13T11:14:06+00:00","description":"Proyectos de voluntariado organizados por alumnos del Programa del Diploma del Bachillerato Internacional.","breadcrumb":{"@id":"https:\/\/liceo-europeo.es\/en\/news\/liceo-social-acciones-solidarias-en-el-entorno-escolar\/#breadcrumb"},"inLanguage":"en-US","potentialAction":[{"@type":"ReadAction","target":["https:\/\/liceo-europeo.es\/en\/news\/liceo-social-acciones-solidarias-en-el-entorno-escolar\/"]}]},{"@type":"ImageObject","inLanguage":"en-US","@id":"https:\/\/liceo-europeo.es\/en\/news\/liceo-social-acciones-solidarias-en-el-entorno-escolar\/#primaryimage","url":"https:\/\/liceo-europeo.es\/wp-content\/uploads\/2023\/12\/4-825x510-1.jpg","contentUrl":"https:\/\/liceo-europeo.es\/wp-content\/uploads\/2023\/12\/4-825x510-1.jpg","width":825,"height":510,"caption":"Liceo Social, acciones solidarias en el entorno escolar"},{"@type":"BreadcrumbList","@id":"https:\/\/liceo-europeo.es\/en\/news\/liceo-social-acciones-solidarias-en-el-entorno-escolar\/#breadcrumb","itemListElement":[{"@type":"ListItem","position":1,"name":"Portada","item":"https:\/\/liceo-europeo.es\/en\/"},{"@type":"ListItem","position":2,"name":"Liceo Social, solidarity actions in the school environment"}]},{"@type":"WebSite","@id":"https:\/\/liceo-europeo.es\/en\/#website","url":"https:\/\/liceo-europeo.es\/en\/","name":"Colegio biling\u00fce privado en Madrid | Liceo Europeo","description":"","publisher":{"@id":"https:\/\/liceo-europeo.es\/en\/#organization"},"potentialAction":[{"@type":"SearchAction","target":{"@type":"EntryPoint","urlTemplate":"https:\/\/liceo-europeo.es\/en\/?s={search_term_string}"},"query-input":{"@type":"PropertyValueSpecification","valueRequired":true,"valueName":"search_term_string"}}],"inLanguage":"en-US"},{"@type":"Organization","@id":"https:\/\/liceo-europeo.es\/en\/#organization","name":"Colegio biling\u00fce privado en Madrid | Liceo Europeo","url":"https:\/\/liceo-europeo.es\/en\/","logo":{"@type":"ImageObject","inLanguage":"en-US","@id":"https:\/\/liceo-europeo.es\/en\/#\/schema\/logo\/image\/","url":"https:\/\/liceo-europeo.es\/wp-content\/uploads\/2025\/02\/Logo_liceo_europeo.png","contentUrl":"https:\/\/liceo-europeo.es\/wp-content\/uploads\/2025\/02\/Logo_liceo_europeo.png","width":805,"height":118,"caption":"Colegio biling\u00fce privado en Madrid | Liceo Europeo"},"image":{"@id":"https:\/\/liceo-europeo.es\/en\/#\/schema\/logo\/image\/"},"sameAs":["https:\/\/www.facebook.com\/liceoeuropeo","https:\/\/x.com\/LiceoEuropeo"]},{"@type":"Person","@id":"https:\/\/liceo-europeo.es\/en\/#\/schema\/person\/25e95f9e89b41c22c91e01c1f78ad606","name":"Liceo Europeo","image":{"@type":"ImageObject","inLanguage":"en-US","@id":"https:\/\/secure.gravatar.com\/avatar\/4cac45881e860e378c8ea610158408167be2aa7135709039315db73f685d36e8?s=96&d=mm&r=g","url":"https:\/\/secure.gravatar.com\/avatar\/4cac45881e860e378c8ea610158408167be2aa7135709039315db73f685d36e8?s=96&d=mm&r=g","contentUrl":"https:\/\/secure.gravatar.com\/avatar\/4cac45881e860e378c8ea610158408167be2aa7135709039315db73f685d36e8?s=96&d=mm&r=g","caption":"Liceo Europeo"},"url":"https:\/\/liceo-europeo.es\/en\/author\/liceo-europeo\/"}]}},"_links":{"self":[{"href":"https:\/\/liceo-europeo.es\/en\/wp-json\/wp\/v2\/posts\/10202","targetHints":{"allow":["GET"]}}],"collection":[{"href":"https:\/\/liceo-europeo.es\/en\/wp-json\/wp\/v2\/posts"}],"about":[{"href":"https:\/\/liceo-europeo.es\/en\/wp-json\/wp\/v2\/types\/post"}],"author":[{"embeddable":true,"href":"https:\/\/liceo-europeo.es\/en\/wp-json\/wp\/v2\/users\/3"}],"replies":[{"embeddable":true,"href":"https:\/\/liceo-europeo.es\/en\/wp-json\/wp\/v2\/comments?post=10202"}],"version-history":[{"count":9,"href":"https:\/\/liceo-europeo.es\/en\/wp-json\/wp\/v2\/posts\/10202\/revisions"}],"predecessor-version":[{"id":16050,"href":"https:\/\/liceo-europeo.es\/en\/wp-json\/wp\/v2\/posts\/10202\/revisions\/16050"}],"wp:featuredmedia":[{"embeddable":true,"href":"https:\/\/liceo-europeo.es\/en\/wp-json\/wp\/v2\/media\/9794"}],"wp:attachment":[{"href":"https:\/\/liceo-europeo.es\/en\/wp-json\/wp\/v2\/media?parent=10202"}],"wp:term":[{"taxonomy":"category","embeddable":true,"href":"https:\/\/liceo-europeo.es\/en\/wp-json\/wp\/v2\/categories?post=10202"},{"taxonomy":"post_tag","embeddable":true,"href":"https:\/\/liceo-europeo.es\/en\/wp-json\/wp\/v2\/tags?post=10202"}],"curies":[{"name":"wp","href":"https:\/\/api.w.org\/{rel}","templated":true}]}}